{"id":450,"date":"2025-05-16T16:55:20","date_gmt":"2025-05-16T14:55:20","guid":{"rendered":"https:\/\/filmfestaachen.com\/?p=450"},"modified":"2025-05-17T09:49:42","modified_gmt":"2025-05-17T07:49:42","slug":"call-for-entry-2025","status":"publish","type":"post","link":"https:\/\/filmfestaachen.com\/en\/call-for-entry\/call-for-entry-2025\/","title":{"rendered":"CALL FOR ENTRY 2025"},"content":{"rendered":"<p><\/p>\n\n\n\n<p><a href=\"https:\/\/filmfreeway.com\/FilmfestAachen\"><strong>&gt;&gt;&gt; SUBMISSION FILMFREEWAY<\/strong><\/a><\/p>\n\n\n\n<p>Do you want to be part of Filmfest AAchen 2025 and share your work with the audience in Aachen? Submit your film to us \u2013 via <a href=\"https:\/\/filmfreeway.com\/FilmfestAachen\"><strong>Filmfreeway<\/strong><\/a> or via e-mail to submission@filmfestaachen.de<\/p>\n\n\n\n<p>*PLEASE READ RULES AND TERMS BELOW BEFORE SUBMITTING*<\/p>\n\n\n\n<p>Submissions are possible for two sections: <\/p>\n\n\n\n<ol class=\"wp-block-list\">\n<li>Oecher competition, endowed with 500\u20ac <\/li>\n\n\n\n<li>Feature competition, endowed with 1.000\u20ac <\/li>\n<\/ol>\n\n\n\n<p><br><strong>Eligibility criteria for submission<\/strong><\/p>\n\n\n\n<p>1. <strong>Oecher competition<\/strong><\/p>\n\n\n\n<ul class=\"wp-block-list\">\n<li>the project has a clear connection to the city Aachen and\/or the region of Aachen (St\u00e4dteregion Aachen). If the connection is not clearly recognizable, please send a short explanation to submission@filmfestaachen.de\n\nFor example, films that have been shot in Aachen city or region, were produced there or feature the region as a story element or documentary subject. If you are unsure if your project is eligible, don't hesitate to contact us. <a href=\"mailto:submission@filmfestaachen.de\">submission@filmfestaachen.de<\/a><\/li>\n\n\n\n<li>the project was finished in 2023 or after<\/li>\n<\/ul>\n\n\n\n<p><strong>2. Feature competition <\/strong><\/p>\n\n\n\n<ul class=\"wp-block-list\">\n<li>films finished in 2024 or after<\/li>\n\n\n\n<li>films that have not been released in Germany before the start of the festival (e.g. cinema or television)<\/li>\n<\/ul>\n\n\n\n<p><strong>Terms and conditions<\/strong><\/p>\n\n\n\n<p>By submitting a film to Filmfest Aachen the submitter agrees to the following terms and conditions:<\/p>\n\n\n\n<ol class=\"wp-block-list\">\n<li>The Filmmaker affirms that they hold all necessary rights to the submitted film, including but not limited to rights to the screenplay, music, images, and performances, and that the film does not infringe on the rights of any third party.<\/li>\n\n\n\n<li>if selected, the Filmmaker grants the Festival the non-exclusive right to screen the film during the official Festival dates at any Festival venue. The film may be shown without compensation to the Filmmaker or any other party.<\/li>\n\n\n\n<li>If the film is selected, the Filmmaker agrees to create and provide a Digital Cinema Package (DCP) of the film suitable for exhibition, free of charge to the Festival.<\/li>\n\n\n\n<li>The Filmmaker agrees to provide the Festival with promotional materials upon request, including but not limited to stills, a synopsis, posters, and trailers. These materials may be used by the Festival for promotional and marketing purposes in all media, including online platforms and print.<\/li>\n\n\n\n<li>All film submissions will be reviewed by the Festival\u2019s programming team. All decisions regarding film selections are final. The Festival is under no obligation to provide feedback for submitted films.<\/li>\n\n\n\n<li>Once a film has been officially selected, it may not be withdrawn from the program without written consent from the Festival.<\/li>\n\n\n\n<li>The Filmmaker agrees to indemnify and hold harmless the Festival, its organizers, sponsors, and affiliates from any and all claims, liabilities, losses, damages, and expenses resulting from the exhibition or promotion of the submitted film.<\/li>\n\n\n\n<li>By submitting a film to the Festival, the Filmmaker confirms that they have read, understood, and agreed to all of the above terms and conditions.<\/li>\n<\/ol>\n\n\n\n<p><\/p>","protected":false},"excerpt":{"rendered":"<p>>>> EINREICHUNG FILMFREEWAY Ihr m\u00f6chtet Teil des Filmfest Aachen 2025 sein und eure Arbeit mit dem Aachener Publikum teilen? Dann reicht euren Film bei uns ein &#8211; \u00fcber Filmfreeway oder per E-Mail an submission@filmfestaachen.de *BITTE DIE UNTENSTEHENDEN KRITERIEN BEACHTEN* Einreichungen sind f\u00fcr zwei Sektionen m\u00f6glich: Zulassungskriterien f\u00fcr die Einreichung: 1. \u00d6cher Wettbewerb 2. Feature Film [&hellip;]<\/p>","protected":false},"author":2,"featured_media":0,"comment_status":"open","ping_status":"open","sticky":false,"template":"","format":"standard","meta":{"footnotes":""},"categories":[29],"tags":[30,35,33,34,10,31,32],"class_list":["post-450","post","type-post","status-publish","format-standard","hentry","category-call-for-entry","tag-callforentry","tag-callforentry2025","tag-competition","tag-einreichung","tag-filmfestaachen","tag-oecherpreis","tag-oecherwettbewerb"],"yoast_head":"<!-- This site is optimized with the Yoast SEO plugin v25.7 - https:\/\/yoast.com\/wordpress\/plugins\/seo\/ -->\n<title>CALL FOR ENTRY 2025 - Filmfest Aachen<\/title>\n<meta name=\"robots\" content=\"index, follow, max-snippet:-1, max-image-preview:large, max-video-preview:-1\" \/>\n<link rel=\"canonical\" href=\"https:\/\/filmfestaachen.com\/en\/call-for-entry\/call-for-entry-2025\/\" \/>\n<meta property=\"og:locale\" content=\"en_US\" \/>\n<meta property=\"og:type\" content=\"article\" \/>\n<meta property=\"og:title\" content=\"CALL FOR ENTRY 2025 - Filmfest Aachen\" \/>\n<meta property=\"og:description\" content=\"&gt;&gt;&gt; EINREICHUNG FILMFREEWAY Ihr m\u00f6chtet Teil des Filmfest Aachen 2025 sein und eure Arbeit mit dem Aachener Publikum teilen? Dann reicht euren Film bei uns ein &#8211; \u00fcber Filmfreeway oder per E-Mail an submission@filmfestaachen.de *BITTE DIE UNTENSTEHENDEN KRITERIEN BEACHTEN* Einreichungen sind f\u00fcr zwei Sektionen m\u00f6glich: Zulassungskriterien f\u00fcr die Einreichung: 1. \u00d6cher Wettbewerb 2. Feature Film [&hellip;]\" \/>\n<meta property=\"og:url\" content=\"https:\/\/filmfestaachen.com\/en\/call-for-entry\/call-for-entry-2025\/\" \/>\n<meta property=\"og:site_name\" content=\"Filmfest Aachen\" \/>\n<meta property=\"article:published_time\" content=\"2025-05-16T14:55:20+00:00\" \/>\n<meta property=\"article:modified_time\" content=\"2025-05-17T07:49:42+00:00\" \/>\n<meta name=\"author\" content=\"Niklas Michels\" \/>\n<meta name=\"twitter:card\" content=\"summary_large_image\" \/>\n<meta name=\"twitter:label1\" content=\"Written by\" \/>\n\t<meta name=\"twitter:data1\" content=\"Niklas Michels\" \/>\n\t<meta name=\"twitter:label2\" content=\"Est. reading time\" \/>\n\t<meta name=\"twitter:data2\" content=\"2 minutes\" \/>\n<script type=\"application\/ld+json\" class=\"yoast-schema-graph\">{\"@context\":\"https:\/\/schema.org\",\"@graph\":[{\"@type\":\"Article\",\"@id\":\"https:\/\/filmfestaachen.com\/call-for-entry\/call-for-entry-2025\/#article\",\"isPartOf\":{\"@id\":\"https:\/\/filmfestaachen.com\/call-for-entry\/call-for-entry-2025\/\"},\"author\":{\"name\":\"Niklas Michels\",\"@id\":\"https:\/\/filmfestaachen.com\/#\/schema\/person\/e9b22811a5b051f4c45b9f16dbe29a03\"},\"headline\":\"CALL FOR ENTRY 2025\",\"datePublished\":\"2025-05-16T14:55:20+00:00\",\"dateModified\":\"2025-05-17T07:49:42+00:00\",\"mainEntityOfPage\":{\"@id\":\"https:\/\/filmfestaachen.com\/call-for-entry\/call-for-entry-2025\/\"},\"wordCount\":458,\"commentCount\":0,\"publisher\":{\"@id\":\"https:\/\/filmfestaachen.com\/#organization\"},\"keywords\":[\"callforentry\",\"callforentry2025\",\"competition\",\"einreichung\",\"filmfestaachen\",\"oecherpreis\",\"oecherwettbewerb\"],\"articleSection\":[\"CALL FOR ENTRY\"],\"inLanguage\":\"en-US\",\"potentialAction\":[{\"@type\":\"CommentAction\",\"name\":\"Comment\",\"target\":[\"https:\/\/filmfestaachen.com\/call-for-entry\/call-for-entry-2025\/#respond\"]}]},{\"@type\":\"WebPage\",\"@id\":\"https:\/\/filmfestaachen.com\/call-for-entry\/call-for-entry-2025\/\",\"url\":\"https:\/\/filmfestaachen.com\/call-for-entry\/call-for-entry-2025\/\",\"name\":\"CALL FOR ENTRY 2025 - Filmfest Aachen\",\"isPartOf\":{\"@id\":\"https:\/\/filmfestaachen.com\/#website\"},\"datePublished\":\"2025-05-16T14:55:20+00:00\",\"dateModified\":\"2025-05-17T07:49:42+00:00\",\"breadcrumb\":{\"@id\":\"https:\/\/filmfestaachen.com\/call-for-entry\/call-for-entry-2025\/#breadcrumb\"},\"inLanguage\":\"en-US\",\"potentialAction\":[{\"@type\":\"ReadAction\",\"target\":[\"https:\/\/filmfestaachen.com\/call-for-entry\/call-for-entry-2025\/\"]}]},{\"@type\":\"BreadcrumbList\",\"@id\":\"https:\/\/filmfestaachen.com\/call-for-entry\/call-for-entry-2025\/#breadcrumb\",\"itemListElement\":[{\"@type\":\"ListItem\",\"position\":1,\"name\":\"Startseite\",\"item\":\"https:\/\/filmfestaachen.com\/\"},{\"@type\":\"ListItem\",\"position\":2,\"name\":\"CALL FOR ENTRY 2025\"}]},{\"@type\":\"WebSite\",\"@id\":\"https:\/\/filmfestaachen.com\/#website\",\"url\":\"https:\/\/filmfestaachen.com\/\",\"name\":\"Filmfest Aachen\",\"description\":\"Filmkultur auf Augenh\u00f6he!\",\"publisher\":{\"@id\":\"https:\/\/filmfestaachen.com\/#organization\"},\"potentialAction\":[{\"@type\":\"SearchAction\",\"target\":{\"@type\":\"EntryPoint\",\"urlTemplate\":\"https:\/\/filmfestaachen.com\/?s={search_term_string}\"},\"query-input\":{\"@type\":\"PropertyValueSpecification\",\"valueRequired\":true,\"valueName\":\"search_term_string\"}}],\"inLanguage\":\"en-US\"},{\"@type\":\"Organization\",\"@id\":\"https:\/\/filmfestaachen.com\/#organization\",\"name\":\"Filmfest Aachen\",\"url\":\"https:\/\/filmfestaachen.com\/\",\"logo\":{\"@type\":\"ImageObject\",\"inLanguage\":\"en-US\",\"@id\":\"https:\/\/filmfestaachen.com\/#\/schema\/logo\/image\/\",\"url\":\"https:\/\/filmfestaachen.com\/wp-content\/uploads\/2024\/07\/FFAWhite.png\",\"contentUrl\":\"https:\/\/filmfestaachen.com\/wp-content\/uploads\/2024\/07\/FFAWhite.png\",\"width\":937,\"height\":633,\"caption\":\"Filmfest Aachen\"},\"image\":{\"@id\":\"https:\/\/filmfestaachen.com\/#\/schema\/logo\/image\/\"},\"sameAs\":[\"https:\/\/www.instagram.com\/filmfestaachen\/\",\"https:\/\/letterboxd.com\/filmfestaachen\/\"]},{\"@type\":\"Person\",\"@id\":\"https:\/\/filmfestaachen.com\/#\/schema\/person\/e9b22811a5b051f4c45b9f16dbe29a03\",\"name\":\"Niklas Michels\",\"image\":{\"@type\":\"ImageObject\",\"inLanguage\":\"en-US\",\"@id\":\"https:\/\/filmfestaachen.com\/#\/schema\/person\/image\/\",\"url\":\"https:\/\/secure.gravatar.com\/avatar\/a5cbe3d04296a231b60912b69fbab072e367b8cc036a38b0e49fa75876a7afbc?s=96&d=mm&r=g\",\"contentUrl\":\"https:\/\/secure.gravatar.com\/avatar\/a5cbe3d04296a231b60912b69fbab072e367b8cc036a38b0e49fa75876a7afbc?s=96&d=mm&r=g\",\"caption\":\"Niklas Michels\"},\"url\":\"https:\/\/filmfestaachen.com\/en\/author\/admin-2\/\"}]}<\/script>\n<!-- \/ Yoast SEO plugin. -->","yoast_head_json":{"title":"CALL FOR ENTRY 2025 - Filmfest Aachen","robots":{"index":"index","follow":"follow","max-snippet":"max-snippet:-1","max-image-preview":"max-image-preview:large","max-video-preview":"max-video-preview:-1"},"canonical":"https:\/\/filmfestaachen.com\/en\/call-for-entry\/call-for-entry-2025\/","og_locale":"en_US","og_type":"article","og_title":"CALL FOR ENTRY 2025 - Filmfest Aachen","og_description":">>> EINREICHUNG FILMFREEWAY Ihr m\u00f6chtet Teil des Filmfest Aachen 2025 sein und eure Arbeit mit dem Aachener Publikum teilen? Dann reicht euren Film bei uns ein &#8211; \u00fcber Filmfreeway oder per E-Mail an submission@filmfestaachen.de *BITTE DIE UNTENSTEHENDEN KRITERIEN BEACHTEN* Einreichungen sind f\u00fcr zwei Sektionen m\u00f6glich: Zulassungskriterien f\u00fcr die Einreichung: 1. \u00d6cher Wettbewerb 2. Feature Film [&hellip;]","og_url":"https:\/\/filmfestaachen.com\/en\/call-for-entry\/call-for-entry-2025\/","og_site_name":"Filmfest Aachen","article_published_time":"2025-05-16T14:55:20+00:00","article_modified_time":"2025-05-17T07:49:42+00:00","author":"Niklas Michels","twitter_card":"summary_large_image","twitter_misc":{"Written by":"Niklas Michels","Est. reading time":"2 minutes"},"schema":{"@context":"https:\/\/schema.org","@graph":[{"@type":"Article","@id":"https:\/\/filmfestaachen.com\/call-for-entry\/call-for-entry-2025\/#article","isPartOf":{"@id":"https:\/\/filmfestaachen.com\/call-for-entry\/call-for-entry-2025\/"},"author":{"name":"Niklas Michels","@id":"https:\/\/filmfestaachen.com\/#\/schema\/person\/e9b22811a5b051f4c45b9f16dbe29a03"},"headline":"CALL FOR ENTRY 2025","datePublished":"2025-05-16T14:55:20+00:00","dateModified":"2025-05-17T07:49:42+00:00","mainEntityOfPage":{"@id":"https:\/\/filmfestaachen.com\/call-for-entry\/call-for-entry-2025\/"},"wordCount":458,"commentCount":0,"publisher":{"@id":"https:\/\/filmfestaachen.com\/#organization"},"keywords":["callforentry","callforentry2025","competition","einreichung","filmfestaachen","oecherpreis","oecherwettbewerb"],"articleSection":["CALL FOR ENTRY"],"inLanguage":"en-US","potentialAction":[{"@type":"CommentAction","name":"Comment","target":["https:\/\/filmfestaachen.com\/call-for-entry\/call-for-entry-2025\/#respond"]}]},{"@type":"WebPage","@id":"https:\/\/filmfestaachen.com\/call-for-entry\/call-for-entry-2025\/","url":"https:\/\/filmfestaachen.com\/call-for-entry\/call-for-entry-2025\/","name":"CALL FOR ENTRY 2025 - Filmfest Aachen","isPartOf":{"@id":"https:\/\/filmfestaachen.com\/#website"},"datePublished":"2025-05-16T14:55:20+00:00","dateModified":"2025-05-17T07:49:42+00:00","breadcrumb":{"@id":"https:\/\/filmfestaachen.com\/call-for-entry\/call-for-entry-2025\/#breadcrumb"},"inLanguage":"en-US","potentialAction":[{"@type":"ReadAction","target":["https:\/\/filmfestaachen.com\/call-for-entry\/call-for-entry-2025\/"]}]},{"@type":"BreadcrumbList","@id":"https:\/\/filmfestaachen.com\/call-for-entry\/call-for-entry-2025\/#breadcrumb","itemListElement":[{"@type":"ListItem","position":1,"name":"Startseite","item":"https:\/\/filmfestaachen.com\/"},{"@type":"ListItem","position":2,"name":"CALL FOR ENTRY 2025"}]},{"@type":"WebSite","@id":"https:\/\/filmfestaachen.com\/#website","url":"https:\/\/filmfestaachen.com\/","name":"Filmfest Aachen","description":"Filmkultur auf Augenh\u00f6he!","publisher":{"@id":"https:\/\/filmfestaachen.com\/#organization"},"potentialAction":[{"@type":"SearchAction","target":{"@type":"EntryPoint","urlTemplate":"https:\/\/filmfestaachen.com\/?s={search_term_string}"},"query-input":{"@type":"PropertyValueSpecification","valueRequired":true,"valueName":"search_term_string"}}],"inLanguage":"en-US"},{"@type":"Organization","@id":"https:\/\/filmfestaachen.com\/#organization","name":"Filmfest Aachen","url":"https:\/\/filmfestaachen.com\/","logo":{"@type":"ImageObject","inLanguage":"en-US","@id":"https:\/\/filmfestaachen.com\/#\/schema\/logo\/image\/","url":"https:\/\/filmfestaachen.com\/wp-content\/uploads\/2024\/07\/FFAWhite.png","contentUrl":"https:\/\/filmfestaachen.com\/wp-content\/uploads\/2024\/07\/FFAWhite.png","width":937,"height":633,"caption":"Filmfest Aachen"},"image":{"@id":"https:\/\/filmfestaachen.com\/#\/schema\/logo\/image\/"},"sameAs":["https:\/\/www.instagram.com\/filmfestaachen\/","https:\/\/letterboxd.com\/filmfestaachen\/"]},{"@type":"Person","@id":"https:\/\/filmfestaachen.com\/#\/schema\/person\/e9b22811a5b051f4c45b9f16dbe29a03","name":"Niklas Michels","image":{"@type":"ImageObject","inLanguage":"en-US","@id":"https:\/\/filmfestaachen.com\/#\/schema\/person\/image\/","url":"https:\/\/secure.gravatar.com\/avatar\/a5cbe3d04296a231b60912b69fbab072e367b8cc036a38b0e49fa75876a7afbc?s=96&d=mm&r=g","contentUrl":"https:\/\/secure.gravatar.com\/avatar\/a5cbe3d04296a231b60912b69fbab072e367b8cc036a38b0e49fa75876a7afbc?s=96&d=mm&r=g","caption":"Niklas Michels"},"url":"https:\/\/filmfestaachen.com\/en\/author\/admin-2\/"}]}},"_links":{"self":[{"href":"https:\/\/filmfestaachen.com\/en\/wp-json\/wp\/v2\/posts\/450","targetHints":{"allow":["GET"]}}],"collection":[{"href":"https:\/\/filmfestaachen.com\/en\/wp-json\/wp\/v2\/posts"}],"about":[{"href":"https:\/\/filmfestaachen.com\/en\/wp-json\/wp\/v2\/types\/post"}],"author":[{"embeddable":true,"href":"https:\/\/filmfestaachen.com\/en\/wp-json\/wp\/v2\/users\/2"}],"replies":[{"embeddable":true,"href":"https:\/\/filmfestaachen.com\/en\/wp-json\/wp\/v2\/comments?post=450"}],"version-history":[{"count":0,"href":"https:\/\/filmfestaachen.com\/en\/wp-json\/wp\/v2\/posts\/450\/revisions"}],"wp:attachment":[{"href":"https:\/\/filmfestaachen.com\/en\/wp-json\/wp\/v2\/media?parent=450"}],"wp:term":[{"taxonomy":"category","embeddable":true,"href":"https:\/\/filmfestaachen.com\/en\/wp-json\/wp\/v2\/categories?post=450"},{"taxonomy":"post_tag","embeddable":true,"href":"https:\/\/filmfestaachen.com\/en\/wp-json\/wp\/v2\/tags?post=450"}],"curies":[{"name":"wp","href":"https:\/\/api.w.org\/{rel}","templated":true}]}}